{"id":7112,"date":"2022-08-12T10:00:56","date_gmt":"2022-08-12T08:00:56","guid":{"rendered":"https:\/\/www.villasdecoration.com\/?p=7112"},"modified":"2022-09-06T14:56:19","modified_gmt":"2022-09-06T12:56:19","slug":"exhibition-the-field-of-possibilities-le-corbusier","status":"publish","type":"post","link":"https:\/\/www.villasdecoration.com\/en\/art\/exhibition-the-field-of-possibilities-le-corbusier\/","title":{"rendered":"The exhibition &#8220;The Field of possibilities&#8221;, experimenting micro-architectures"},"content":{"rendered":"<div id=\"ez-toc-container\" class=\"ez-toc-v2_0_82_2 counter-hierarchy ez-toc-counter ez-toc-grey ez-toc-container-direction\">\n<p class=\"ez-toc-title\" style=\"cursor:inherit\">Sommaire<\/p>\n<label for=\"ez-toc-cssicon-toggle-item-69f29a11314ca\" class=\"ez-toc-cssicon-toggle-label\"><span class=\"\"><span class=\"eztoc-hide\" style=\"display:none;\">Toggle<\/span><span class=\"ez-toc-icon-toggle-span\"><svg style=\"fill: #999;color:#999\" xmlns=\"http:\/\/www.w3.org\/2000\/svg\" class=\"list-377408\" width=\"20px\" height=\"20px\" viewBox=\"0 0 24 24\" fill=\"none\"><path d=\"M6 6H4v2h2V6zm14 0H8v2h12V6zM4 11h2v2H4v-2zm16 0H8v2h12v-2zM4 16h2v2H4v-2zm16 0H8v2h12v-2z\" fill=\"currentColor\"><\/path><\/svg><svg style=\"fill: #999;color:#999\" class=\"arrow-unsorted-368013\" xmlns=\"http:\/\/www.w3.org\/2000\/svg\" width=\"10px\" height=\"10px\" viewBox=\"0 0 24 24\" version=\"1.2\" baseProfile=\"tiny\"><path d=\"M18.2 9.3l-6.2-6.3-6.2 6.3c-.2.2-.3.4-.3.7s.1.5.3.7c.2.2.4.3.7.3h11c.3 0 .5-.1.7-.3.2-.2.3-.5.3-.7s-.1-.5-.3-.7zM5.8 14.7l6.2 6.3 6.2-6.3c.2-.2.3-.5.3-.7s-.1-.5-.3-.7c-.2-.2-.4-.3-.7-.3h-11c-.3 0-.5.1-.7.3-.2.2-.3.5-.3.7s.1.5.3.7z\"\/><\/svg><\/span><\/span><\/label><input type=\"checkbox\"  id=\"ez-toc-cssicon-toggle-item-69f29a11314ca\" checked aria-label=\"Toggle\" \/><nav><ul class='ez-toc-list ez-toc-list-level-1 ' ><li class='ez-toc-page-1 ez-toc-heading-level-2'><a class=\"ez-toc-link ez-toc-heading-1\" href=\"https:\/\/www.villasdecoration.com\/en\/art\/exhibition-the-field-of-possibilities-le-corbusier\/#Emotion_a_key_of_knowledge\" >Emotion, a key of knowledge<\/a><\/li><li class='ez-toc-page-1 ez-toc-heading-level-2'><a class=\"ez-toc-link ez-toc-heading-2\" href=\"https:\/\/www.villasdecoration.com\/en\/art\/exhibition-the-field-of-possibilities-le-corbusier\/#The_Le_Corbusier_site_in_Firminy_is_both_imposing_and_singular\" >The Le Corbusier site in Firminy is both imposing and singular<\/a><\/li><li class='ez-toc-page-1 ez-toc-heading-level-2'><a class=\"ez-toc-link ez-toc-heading-3\" href=\"https:\/\/www.villasdecoration.com\/en\/art\/exhibition-the-field-of-possibilities-le-corbusier\/#Bifurcations_The_new_challenges_of_the_St-Etienne_Design_Biennial_2022\" >Bifurcations!\u00a0The new challenges of the St-Etienne Design Biennial 2022<\/a><\/li><li class='ez-toc-page-1 ez-toc-heading-level-2'><a class=\"ez-toc-link ez-toc-heading-4\" href=\"https:\/\/www.villasdecoration.com\/en\/art\/exhibition-the-field-of-possibilities-le-corbusier\/#Birth_of_the_Cabanon_Roquebrune-Cap-Martin\" >Birth of the Cabanon Roquebrune-Cap-Martin<\/a><\/li><li class='ez-toc-page-1 ez-toc-heading-level-2'><a class=\"ez-toc-link ez-toc-heading-5\" href=\"https:\/\/www.villasdecoration.com\/en\/art\/exhibition-the-field-of-possibilities-le-corbusier\/#The_exhibition_%E2%80%9CThe_Field_of_Possibilities%E2%80%9D_by_Doppel_Studio\" >The exhibition: &#8220;The Field of Possibilities&#8221; by D\u00f6ppel Studio<\/a><\/li><\/ul><\/nav><\/div>\n<p>An eventful exhibition during the Saint-Etienne International Design Biennial. From 6 April 2022 to 15 January 2023.<\/p>\n<h2><span class=\"ez-toc-section\" id=\"Emotion_a_key_of_knowledge\"><\/span>Emotion, a key of knowledge<span class=\"ez-toc-section-end\"><\/span><\/h2>\n<p><a href=\"https:\/\/sitelecorbusier.com\/\" target=\"_blank\" rel=\"noopener\">The Site Le Corbusier<\/a> invites all kinds of public to experiment with architecture &#8211; local families, transient visitors\u2026 &#8211; with emotion as a key of knowledge. Our touristic experience is thus reinvented based on amazement, emotions and pleasure. We invite you to look beyond the concrete facade and dis &#8211; cover a light and space design open to nature and to unusual and bold inventions and innovations. New visits and events are constantly being developed for the public to imagine new possibilities. They show the Site ambition : to create a true travel destination dedicated to Le Corbusier\u2019s universe. Schools, design and architecture lovers, families\u2026 20 000 visitors come to the Site Le Corbusier of Firminy each year.<\/p>\n<div id=\"attachment_7047\" style=\"width: 653px\" class=\"wp-caption alignnone\"><img loading=\"lazy\" decoding=\"async\" aria-describedby=\"caption-attachment-7047\" class=\"center wp-image-7047\" title=\"VILLAS Decoration Le champ Des Possibles\" src=\"https:\/\/www.villasdecoration.com\/wp-content\/uploads\/2022\/08\/Eglise-e1659689589101-732x1024.jpg\" alt=\"VILLAS Decoration Le champ Des Possibles\" width=\"643\" height=\"900\" srcset=\"https:\/\/www.villasdecoration.com\/wp-content\/uploads\/2022\/08\/Eglise-e1659689589101-732x1024.jpg 732w, https:\/\/www.villasdecoration.com\/wp-content\/uploads\/2022\/08\/Eglise-e1659689589101-768x1075.jpg 768w, https:\/\/www.villasdecoration.com\/wp-content\/uploads\/2022\/08\/Eglise-e1659689589101-1098x1536.jpg 1098w, https:\/\/www.villasdecoration.com\/wp-content\/uploads\/2022\/08\/Eglise-e1659689589101-1464x2048.jpg 1464w, https:\/\/www.villasdecoration.com\/wp-content\/uploads\/2022\/08\/Eglise-e1659689589101-214x300.jpg 214w, https:\/\/www.villasdecoration.com\/wp-content\/uploads\/2022\/08\/Eglise-e1659689589101.jpg 1538w\" sizes=\"auto, (max-width: 643px) 100vw, 643px\" \/><p id=\"caption-attachment-7047\" class=\"wp-caption-text\">Eglise Saint-Pierre-Yohann Merlevede | FLC\/ADAGP | Le Corbusier Architecte<span style=\"font-size: 16px;\">\u00a0<\/span><\/p><\/div>\n<h2><span class=\"ez-toc-section\" id=\"The_Le_Corbusier_site_in_Firminy_is_both_imposing_and_singular\"><\/span>The Le Corbusier site in Firminy is both imposing and singular<span class=\"ez-toc-section-end\"><\/span><\/h2>\n<p>A group of extraordinary buildings resulting from the vision of a visionary architect who loved form, light, nature and functionality. The exhibition project of the Site Le Corbusier develops a positioning based on the emotional dimension as a key to discovering architecture and urbanism. Temporary exhibitions are at the heart of the life of cultural and heritage sites. They create events, they are a space of knowledge and emotions for a large and varied public. The Site invites us to experience micro-architecture, which consumes little space, responding to our primary needs and to the new aspirations of a more sober society in the search for a new balance.<\/p>\n<div id=\"attachment_7071\" style=\"width: 610px\" class=\"wp-caption alignnone\"><img loading=\"lazy\" decoding=\"async\" aria-describedby=\"caption-attachment-7071\" class=\"center wp-image-7071\" title=\"VILLAS Decoration Le champ Des Possibles\" src=\"https:\/\/www.villasdecoration.com\/wp-content\/uploads\/2022\/08\/microarchi1_global_02calexandrario_Lesformesassociees-scaled.jpg\" alt=\"VILLAS Decoration Le champ Des Possibles\" width=\"600\" height=\"900\" srcset=\"https:\/\/www.villasdecoration.com\/wp-content\/uploads\/2022\/08\/microarchi1_global_02calexandrario_Lesformesassociees-scaled.jpg 1707w, https:\/\/www.villasdecoration.com\/wp-content\/uploads\/2022\/08\/microarchi1_global_02calexandrario_Lesformesassociees-768x1152.jpg 768w, https:\/\/www.villasdecoration.com\/wp-content\/uploads\/2022\/08\/microarchi1_global_02calexandrario_Lesformesassociees-1024x1536.jpg 1024w, https:\/\/www.villasdecoration.com\/wp-content\/uploads\/2022\/08\/microarchi1_global_02calexandrario_Lesformesassociees-1366x2048.jpg 1366w\" sizes=\"auto, (max-width: 600px) 100vw, 600px\" \/><p id=\"caption-attachment-7071\" class=\"wp-caption-text\">Exposition &#8220;Le Champ des possibles, micro-architectures \u00e0 exp\u00e9rimenter&#8221; | Alexandra Rio | Les formes associ\u00e9es<\/p><\/div>\n<div id=\"attachment_7074\" style=\"width: 610px\" class=\"wp-caption alignnone\"><img loading=\"lazy\" decoding=\"async\" aria-describedby=\"caption-attachment-7074\" class=\"center wp-image-7074\" title=\"VILLAS Decoration Le champ Des Possibles\" src=\"https:\/\/www.villasdecoration.com\/wp-content\/uploads\/2022\/08\/microarchi2_global_01calexandrario_Lesformesassociees-scaled.jpg\" alt=\"VILLAS Decoration Le champ Des Possibles\" width=\"600\" height=\"900\" srcset=\"https:\/\/www.villasdecoration.com\/wp-content\/uploads\/2022\/08\/microarchi2_global_01calexandrario_Lesformesassociees-scaled.jpg 1706w, https:\/\/www.villasdecoration.com\/wp-content\/uploads\/2022\/08\/microarchi2_global_01calexandrario_Lesformesassociees-768x1152.jpg 768w, https:\/\/www.villasdecoration.com\/wp-content\/uploads\/2022\/08\/microarchi2_global_01calexandrario_Lesformesassociees-1024x1536.jpg 1024w, https:\/\/www.villasdecoration.com\/wp-content\/uploads\/2022\/08\/microarchi2_global_01calexandrario_Lesformesassociees-1365x2048.jpg 1365w\" sizes=\"auto, (max-width: 600px) 100vw, 600px\" \/><p id=\"caption-attachment-7074\" class=\"wp-caption-text\">Exposition &#8220;Le Champ des possibles, micro-architectures \u00e0 exp\u00e9rimenter&#8221; | Alexandra Rio | Les formes associ\u00e9es<\/p><\/div>\n<div id=\"attachment_7077\" style=\"width: 610px\" class=\"wp-caption alignnone\"><img loading=\"lazy\" decoding=\"async\" aria-describedby=\"caption-attachment-7077\" class=\"center wp-image-7077\" title=\"VILLAS Decoration Le champ Des Possibles\" src=\"https:\/\/www.villasdecoration.com\/wp-content\/uploads\/2022\/08\/microarchi3_global_01calexandrario_Lesformesassociees-scaled.jpg\" alt=\"VILLAS Decoration Le champ Des Possibles\" width=\"600\" height=\"900\" srcset=\"https:\/\/www.villasdecoration.com\/wp-content\/uploads\/2022\/08\/microarchi3_global_01calexandrario_Lesformesassociees-scaled.jpg 1706w, https:\/\/www.villasdecoration.com\/wp-content\/uploads\/2022\/08\/microarchi3_global_01calexandrario_Lesformesassociees-768x1152.jpg 768w, https:\/\/www.villasdecoration.com\/wp-content\/uploads\/2022\/08\/microarchi3_global_01calexandrario_Lesformesassociees-1024x1536.jpg 1024w, https:\/\/www.villasdecoration.com\/wp-content\/uploads\/2022\/08\/microarchi3_global_01calexandrario_Lesformesassociees-1365x2048.jpg 1365w\" sizes=\"auto, (max-width: 600px) 100vw, 600px\" \/><p id=\"caption-attachment-7077\" class=\"wp-caption-text\">Exposition &#8220;Le Champ des possibles, micro-architectures \u00e0 exp\u00e9rimenter&#8221; | Alexandra Rio | Les formes associ\u00e9es<\/p><\/div>\n<h2><span class=\"ez-toc-section\" id=\"Bifurcations_The_new_challenges_of_the_St-Etienne_Design_Biennial_2022\"><\/span>Bifurcations!\u00a0The new challenges of the St-Etienne Design Biennial 2022<span class=\"ez-toc-section-end\"><\/span><\/h2>\n<p>Forking off means reacting and taking a step aside by experimenting with paths, here and now. Forking, exploring other possible paths, collective, sober, respectful of life and adapted to each context. The challenge of the <a href=\"https:\/\/biennale-design.com\/saint-etienne\/2022\/\" target=\"_blank\" rel=\"nofollow noopener\">Saint Etienne 2022 International Design Biennial<\/a> is to encourage design to go on an adventure: what is it already doing? What else can it do?<\/p>\n<p>&nbsp;<\/p>\n<h2><span class=\"ez-toc-section\" id=\"Birth_of_the_Cabanon_Roquebrune-Cap-Martin\"><\/span>Birth of the Cabanon Roquebrune-Cap-Martin<span class=\"ez-toc-section-end\"><\/span><\/h2>\n<p>Le Corbusier was 64 years old when he drew the plans of the Cababon. What is described as quite simple &#8211; the \u201c\u200945 minutes\u2009\u201d of conception mentioned by Le Corbusier &#8211; actually synthesized more than 40 years of work. In 1951 Thomas Rebutato gave Le Corbusier a part of his land so he could build \u201c\u2009his ideal castle\u2009\u201d. In exchange Le Corbusier conceived and financed five \u201c\u2009camping units\u2009\u201d inspired by the Cabanon.<\/p>\n<div id=\"attachment_7095\" style=\"width: 910px\" class=\"wp-caption alignnone\"><img loading=\"lazy\" decoding=\"async\" aria-describedby=\"caption-attachment-7095\" class=\"wp-image-7095\" src=\"https:\/\/www.villasdecoration.com\/wp-content\/uploads\/2022\/08\/Cabanon-de-Le-Corbusier_Roquebrune-Cap-Martin_Olivier-Martin-Gambier-scaled-1.jpg\" alt=\"\" width=\"900\" height=\"600\" srcset=\"https:\/\/www.villasdecoration.com\/wp-content\/uploads\/2022\/08\/Cabanon-de-Le-Corbusier_Roquebrune-Cap-Martin_Olivier-Martin-Gambier-scaled-1.jpg 1600w, https:\/\/www.villasdecoration.com\/wp-content\/uploads\/2022\/08\/Cabanon-de-Le-Corbusier_Roquebrune-Cap-Martin_Olivier-Martin-Gambier-scaled-1-768x512.jpg 768w, https:\/\/www.villasdecoration.com\/wp-content\/uploads\/2022\/08\/Cabanon-de-Le-Corbusier_Roquebrune-Cap-Martin_Olivier-Martin-Gambier-scaled-1-1536x1024.jpg 1536w\" sizes=\"auto, (max-width: 900px) 100vw, 900px\" \/><p id=\"caption-attachment-7095\" class=\"wp-caption-text\">Cabanon de Le Corbusier Roquebrune-Cap-Martin | Olivier-Martin Gambier<\/p><\/div>\n<p><i><span style=\"font-weight: 400;\">\u201c\u2009A house is not made for decor, it is made for human happiness.\u2009\u201d <\/span><\/i><span style=\"font-weight: 400;\">Le Corbusier<\/span><\/p>\n<h2><span class=\"ez-toc-section\" id=\"The_exhibition_%E2%80%9CThe_Field_of_Possibilities%E2%80%9D_by_Doppel_Studio\"><\/span>The exhibition: &#8220;The Field of Possibilities&#8221; by <a href=\"https:\/\/www.doppelstudio.fr\/en\" target=\"_blank\" rel=\"nofollow noopener\">D\u00f6ppel Studio<\/a><span class=\"ez-toc-section-end\"><\/span><\/h2>\n<p>Some of the topics developed in the exhibition <em>The Field of possibilities<\/em>, experimenting micro-architectures\u2009:<\/p>\n<p>An exhibition discourse addressing environmental issues<\/p>\n<p>A scenography that can be reused, for instance for a future exhibition<\/p>\n<p>Furniture that can be adapted to different uses thanks to a non-damaging dismantling and easy storage<\/p>\n<p>Local raw material that can be recycled or reused<\/p>\n<p>An exhibit set up entirely made and built by local companies<\/p>\n<p>A reasonable use of the different communication mediums (reduced print, limited and smart numeric design)<\/p>\n<p>Development of an inclusive mediation for young people and visitors with disabilities<\/p>\n<p>Creation of activities (model building) made only with waste material<\/p>\n<p>After the discovery of Le Corbusier\u2019s Cabanon the visitor is invited to test six micro-architectures conceived by D\u00f6ppel Studio. These installations question the concept of housing and how it meets our essential needs like getting healthy air, being sheltered and nourished, or getting access to freshwater. The exhibition also questions the connection between body and mind.<\/p>\n<div id=\"attachment_7086\" style=\"width: 610px\" class=\"wp-caption alignnone\"><img loading=\"lazy\" decoding=\"async\" aria-describedby=\"caption-attachment-7086\" class=\"center wp-image-7086\" title=\"VILLAS Decoration Le champ Des Possibles\" src=\"https:\/\/www.villasdecoration.com\/wp-content\/uploads\/2022\/08\/microarchi6_detail_01calexandrario_Lesformesassociees-scaled.jpg\" alt=\"VILLAS Decoration Le champ Des Possibles\" width=\"600\" height=\"900\" srcset=\"https:\/\/www.villasdecoration.com\/wp-content\/uploads\/2022\/08\/microarchi6_detail_01calexandrario_Lesformesassociees-scaled.jpg 1707w, https:\/\/www.villasdecoration.com\/wp-content\/uploads\/2022\/08\/microarchi6_detail_01calexandrario_Lesformesassociees-768x1152.jpg 768w, https:\/\/www.villasdecoration.com\/wp-content\/uploads\/2022\/08\/microarchi6_detail_01calexandrario_Lesformesassociees-1024x1536.jpg 1024w, https:\/\/www.villasdecoration.com\/wp-content\/uploads\/2022\/08\/microarchi6_detail_01calexandrario_Lesformesassociees-1366x2048.jpg 1366w\" sizes=\"auto, (max-width: 600px) 100vw, 600px\" \/><p id=\"caption-attachment-7086\" class=\"wp-caption-text\">Exposition &#8220;Le Champ des possibles, micro-architectures \u00e0 exp\u00e9rimenter&#8221; | Alexandra Rio | Les formes associ\u00e9es<\/p><\/div>\n<div id=\"attachment_7080\" style=\"width: 610px\" class=\"wp-caption alignnone\"><img loading=\"lazy\" decoding=\"async\" aria-describedby=\"caption-attachment-7080\" class=\"center wp-image-7080\" title=\"VILLAS Decoration Le champ Des Possibles\" src=\"https:\/\/www.villasdecoration.com\/wp-content\/uploads\/2022\/08\/microarchi4_global_01calexandrario_Lesformesassociees-scaled.jpg\" alt=\"VILLAS Decoration Le champ Des Possibles\" width=\"600\" height=\"900\" srcset=\"https:\/\/www.villasdecoration.com\/wp-content\/uploads\/2022\/08\/microarchi4_global_01calexandrario_Lesformesassociees-scaled.jpg 1707w, https:\/\/www.villasdecoration.com\/wp-content\/uploads\/2022\/08\/microarchi4_global_01calexandrario_Lesformesassociees-768x1152.jpg 768w, https:\/\/www.villasdecoration.com\/wp-content\/uploads\/2022\/08\/microarchi4_global_01calexandrario_Lesformesassociees-1024x1536.jpg 1024w, https:\/\/www.villasdecoration.com\/wp-content\/uploads\/2022\/08\/microarchi4_global_01calexandrario_Lesformesassociees-1366x2048.jpg 1366w\" sizes=\"auto, (max-width: 600px) 100vw, 600px\" \/><p id=\"caption-attachment-7080\" class=\"wp-caption-text\">Exposition &#8220;Le Champ des possibles, micro-architectures \u00e0 exp\u00e9rimenter&#8221; | Alexandra Rio | Les formes associ\u00e9es<\/p><\/div>\n<div id=\"attachment_7059\" style=\"width: 610px\" class=\"wp-caption alignnone\"><img loading=\"lazy\" decoding=\"async\" aria-describedby=\"caption-attachment-7059\" class=\"center wp-image-7059\" title=\"VILLAS Decoration Le champ Des Possibles\" src=\"https:\/\/www.villasdecoration.com\/wp-content\/uploads\/2022\/08\/Exposition__Le_Champ_des_possibles__micro-architectures_a_experimenter_-Inscrire_la_legende-87340-scaled.jpg\" alt=\"VILLAS Decoration Le champ Des Possibles\" width=\"600\" height=\"900\" srcset=\"https:\/\/www.villasdecoration.com\/wp-content\/uploads\/2022\/08\/Exposition__Le_Champ_des_possibles__micro-architectures_a_experimenter_-Inscrire_la_legende-87340-scaled.jpg 1707w, https:\/\/www.villasdecoration.com\/wp-content\/uploads\/2022\/08\/Exposition__Le_Champ_des_possibles__micro-architectures_a_experimenter_-Inscrire_la_legende-87340-768x1152.jpg 768w, https:\/\/www.villasdecoration.com\/wp-content\/uploads\/2022\/08\/Exposition__Le_Champ_des_possibles__micro-architectures_a_experimenter_-Inscrire_la_legende-87340-1024x1536.jpg 1024w, https:\/\/www.villasdecoration.com\/wp-content\/uploads\/2022\/08\/Exposition__Le_Champ_des_possibles__micro-architectures_a_experimenter_-Inscrire_la_legende-87340-1366x2048.jpg 1366w\" sizes=\"auto, (max-width: 600px) 100vw, 600px\" \/><p id=\"caption-attachment-7059\" class=\"wp-caption-text\">Exposition &#8220;Le Champ des possibles, micro-architectures \u00e0 exp\u00e9rimenter&#8221; | Alexandra Rio | Les formes associ\u00e9es<\/p><\/div>\n<p><b>DATES DE L\u2019EXPOSITION<\/b><br \/>\n<span style=\"font-weight: 400;\">Du 6 avril 2022 au 15 janvier 2023<\/span><br \/>\n<span style=\"font-weight: 400;\">\u00c9glise Saint-Pierre, Firminy<\/span><br \/>\n<a href=\"http:\/\/www.sitelecorbusier.com\" target=\"_blank\" rel=\"noopener\"><span style=\"font-weight: 400;\">www.sitelecorbusier.com<\/span><\/a><span style=\"font-weight: 400;\">\u00a0<\/span><\/p>\n","protected":false},"excerpt":{"rendered":"<p>An eventful exhibition during the Saint-Etienne International Design Biennial. From 6 April 2022 to 15 January 2023. Emotion, a key of knowledge The Site Le Corbusier invites all kinds of public to experiment with architecture &#8211; local families, transient visitors\u2026 &#8211; with emotion as a key of knowledge. Our touristic experience is thus reinvented based [&hellip;]<\/p>\n","protected":false},"author":21,"featured_media":7103,"comment_status":"closed","ping_status":"open","sticky":false,"template":"","format":"standard","meta":{"footnotes":""},"categories":[3],"tags":[],"class_list":["post-7112","post","type-post","status-publish","format-standard","has-post-thumbnail","hentry","category-art"],"acf":[],"_links":{"self":[{"href":"https:\/\/www.villasdecoration.com\/en\/wp-json\/wp\/v2\/posts\/7112","targetHints":{"allow":["GET"]}}],"collection":[{"href":"https:\/\/www.villasdecoration.com\/en\/wp-json\/wp\/v2\/posts"}],"about":[{"href":"https:\/\/www.villasdecoration.com\/en\/wp-json\/wp\/v2\/types\/post"}],"author":[{"embeddable":true,"href":"https:\/\/www.villasdecoration.com\/en\/wp-json\/wp\/v2\/users\/21"}],"replies":[{"embeddable":true,"href":"https:\/\/www.villasdecoration.com\/en\/wp-json\/wp\/v2\/comments?post=7112"}],"version-history":[{"count":3,"href":"https:\/\/www.villasdecoration.com\/en\/wp-json\/wp\/v2\/posts\/7112\/revisions"}],"predecessor-version":[{"id":7119,"href":"https:\/\/www.villasdecoration.com\/en\/wp-json\/wp\/v2\/posts\/7112\/revisions\/7119"}],"wp:featuredmedia":[{"embeddable":true,"href":"https:\/\/www.villasdecoration.com\/en\/wp-json\/wp\/v2\/media\/7103"}],"wp:attachment":[{"href":"https:\/\/www.villasdecoration.com\/en\/wp-json\/wp\/v2\/media?parent=7112"}],"wp:term":[{"taxonomy":"category","embeddable":true,"href":"https:\/\/www.villasdecoration.com\/en\/wp-json\/wp\/v2\/categories?post=7112"},{"taxonomy":"post_tag","embeddable":true,"href":"https:\/\/www.villasdecoration.com\/en\/wp-json\/wp\/v2\/tags?post=7112"}],"curies":[{"name":"wp","href":"https:\/\/api.w.org\/{rel}","templated":true}]}}