{"id":8383,"date":"2022-08-12T10:00:56","date_gmt":"2022-08-12T08:00:56","guid":{"rendered":"https:\/\/www.villasdecoration.com\/?p=8383"},"modified":"2022-10-06T14:38:07","modified_gmt":"2022-10-06T12:38:07","slug":"exhibition-the-field-of-possibilities-microarchitecture","status":"publish","type":"post","link":"https:\/\/www.villasdecoration.com\/en\/art\/exhibition-the-field-of-possibilities-microarchitecture\/","title":{"rendered":"The exhibition &#8220;The Field of possibilities&#8221;, experimenting micro-architectures"},"content":{"rendered":"<div id=\"ez-toc-container\" class=\"ez-toc-v2_0_82_2 counter-hierarchy ez-toc-counter ez-toc-grey ez-toc-container-direction\">\n<p class=\"ez-toc-title\" style=\"cursor:inherit\">Sommaire<\/p>\n<label for=\"ez-toc-cssicon-toggle-item-69f228af0fa96\" class=\"ez-toc-cssicon-toggle-label\"><span class=\"\"><span class=\"eztoc-hide\" style=\"display:none;\">Toggle<\/span><span class=\"ez-toc-icon-toggle-span\"><svg style=\"fill: #999;color:#999\" xmlns=\"http:\/\/www.w3.org\/2000\/svg\" class=\"list-377408\" width=\"20px\" height=\"20px\" viewBox=\"0 0 24 24\" fill=\"none\"><path d=\"M6 6H4v2h2V6zm14 0H8v2h12V6zM4 11h2v2H4v-2zm16 0H8v2h12v-2zM4 16h2v2H4v-2zm16 0H8v2h12v-2z\" fill=\"currentColor\"><\/path><\/svg><svg style=\"fill: #999;color:#999\" class=\"arrow-unsorted-368013\" xmlns=\"http:\/\/www.w3.org\/2000\/svg\" width=\"10px\" height=\"10px\" viewBox=\"0 0 24 24\" version=\"1.2\" baseProfile=\"tiny\"><path d=\"M18.2 9.3l-6.2-6.3-6.2 6.3c-.2.2-.3.4-.3.7s.1.5.3.7c.2.2.4.3.7.3h11c.3 0 .5-.1.7-.3.2-.2.3-.5.3-.7s-.1-.5-.3-.7zM5.8 14.7l6.2 6.3 6.2-6.3c.2-.2.3-.5.3-.7s-.1-.5-.3-.7c-.2-.2-.4-.3-.7-.3h-11c-.3 0-.5.1-.7.3-.2.2-.3.5-.3.7s.1.5.3.7z\"\/><\/svg><\/span><\/span><\/label><input type=\"checkbox\"  id=\"ez-toc-cssicon-toggle-item-69f228af0fa96\" checked aria-label=\"Toggle\" \/><nav><ul class='ez-toc-list ez-toc-list-level-1 ' ><li class='ez-toc-page-1 ez-toc-heading-level-2'><a class=\"ez-toc-link ez-toc-heading-1\" href=\"https:\/\/www.villasdecoration.com\/en\/art\/exhibition-the-field-of-possibilities-microarchitecture\/#Emotion_a_key_to_knowledge\" >Emotion, a key to knowledge<\/a><\/li><li class='ez-toc-page-1 ez-toc-heading-level-2'><a class=\"ez-toc-link ez-toc-heading-2\" href=\"https:\/\/www.villasdecoration.com\/en\/art\/exhibition-the-field-of-possibilities-microarchitecture\/#Le_Corbusiers_site_in_Firminy_is_both_imposing_and_unique\" >Le Corbusier&#8217;s site in Firminy is both imposing and unique<\/a><\/li><li class='ez-toc-page-1 ez-toc-heading-level-2'><a class=\"ez-toc-link ez-toc-heading-3\" href=\"https:\/\/www.villasdecoration.com\/en\/art\/exhibition-the-field-of-possibilities-microarchitecture\/#Bifurcations_The_new_challenges_of_the_Design_Biennale_St-Etienne_2022\" >Bifurcations! The new challenges of the Design Biennale St-Etienne 2022<\/a><\/li><li class='ez-toc-page-1 ez-toc-heading-level-2'><a class=\"ez-toc-link ez-toc-heading-4\" href=\"https:\/\/www.villasdecoration.com\/en\/art\/exhibition-the-field-of-possibilities-microarchitecture\/#The_Cabanon_Roquebrune-Cap-Martin\" >The Cabanon Roquebrune-Cap-Martin<\/a><\/li><li class='ez-toc-page-1 ez-toc-heading-level-2'><a class=\"ez-toc-link ez-toc-heading-5\" href=\"https:\/\/www.villasdecoration.com\/en\/art\/exhibition-the-field-of-possibilities-microarchitecture\/#The_exhibition_%E2%80%9CThe_Field_of_Possibilities%E2%80%9D_by_Doppel_Studio\" >The exhibition: &#8220;The Field of Possibilities&#8221; by D\u00f6ppel Studio.<\/a><\/li><\/ul><\/nav><\/div>\n<p>An exhibition at the International Design Biennale of Saint-Etienne from April 6, 2022 to January 15, 2023<\/p>\n<h2><span class=\"ez-toc-section\" id=\"Emotion_a_key_to_knowledge\"><\/span><strong>Emotion, a key to knowledge<\/strong><span class=\"ez-toc-section-end\"><\/span><\/h2>\n<p><a href=\"https:\/\/sitelecorbusier.com\/\" target=\"_blank\" rel=\"nofollow noopener\">The Site Le Corbusier<\/a> offers experiences for a wide audience: families in the region, tourists passing through, by making emotion the key to knowledge. It thus offers a renewed tourist experience based on wonder, emotion and pleasure. It invites the visitor to discover behind the concrete facade a layout of space and light open to nature, original and daring inventions and innovations. In order to stimulate the public&#8217;s imagination and guide them in their exploration, the Site is currently developing new visitor itineraries, events and activities in line with its ambition: to create a true tourist destination dedicated to the world of Le Corbusier. Scholars, students, lovers of design and architecture, families &#8211; some 20,000 people visit the Site every year.<\/p>\n<div id=\"attachment_7047\" style=\"width: 653px\" class=\"wp-caption alignnone\"><img loading=\"lazy\" decoding=\"async\" aria-describedby=\"caption-attachment-7047\" class=\"center wp-image-7047\" title=\"VILLAS Decoration Le champ Des Possibles\" src=\"https:\/\/www.villasdecoration.com\/wp-content\/uploads\/2022\/08\/Eglise-e1659689589101-732x1024.jpg\" alt=\"VILLAS Decoration Le champ Des Possibles\" width=\"643\" height=\"900\" srcset=\"https:\/\/www.villasdecoration.com\/wp-content\/uploads\/2022\/08\/Eglise-e1659689589101-732x1024.jpg 732w, https:\/\/www.villasdecoration.com\/wp-content\/uploads\/2022\/08\/Eglise-e1659689589101-768x1075.jpg 768w, https:\/\/www.villasdecoration.com\/wp-content\/uploads\/2022\/08\/Eglise-e1659689589101-1098x1536.jpg 1098w, https:\/\/www.villasdecoration.com\/wp-content\/uploads\/2022\/08\/Eglise-e1659689589101-1464x2048.jpg 1464w, https:\/\/www.villasdecoration.com\/wp-content\/uploads\/2022\/08\/Eglise-e1659689589101-214x300.jpg 214w, https:\/\/www.villasdecoration.com\/wp-content\/uploads\/2022\/08\/Eglise-e1659689589101.jpg 1538w\" sizes=\"auto, (max-width: 643px) 100vw, 643px\" \/><p id=\"caption-attachment-7047\" class=\"wp-caption-text\">Saint-Pierre-Yohann Merlevede chruch| FLC\/ADAGP | Le Corbusier Architecte<\/p><\/div>\n<h2><span class=\"ez-toc-section\" id=\"Le_Corbusiers_site_in_Firminy_is_both_imposing_and_unique\"><\/span><strong>Le Corbusier&#8217;s site in Firminy is <\/strong><strong>both imposing and unique<\/strong><span class=\"ez-toc-section-end\"><\/span><\/h2>\n<p>A collection of extraordinary buildings resulting from the vision of an architect who was a visionary who loved form, light, nature and functionality. The Le Corbusier Site exhibition project develops a positioning based on the emotional dimension as the key to discovering architecture and urbanism. Temporary exhibitions are at the heart of the life of cultural and heritage sites. They create events, they are a space of knowledge and emotions for a large and diverse public. The Site invites us to experience micro-architecture, which occupies little space and responds to our primary needs and to the new aspirations of a more austere society in search of a new balance.<\/p>\n<div id=\"attachment_7071\" style=\"width: 610px\" class=\"wp-caption alignnone\"><img loading=\"lazy\" decoding=\"async\" aria-describedby=\"caption-attachment-7071\" class=\"center wp-image-7071\" title=\"VILLAS Decoration Le champ Des Possibles\" src=\"https:\/\/www.villasdecoration.com\/wp-content\/uploads\/2022\/08\/microarchi1_global_02calexandrario_Lesformesassociees-scaled.jpg\" alt=\"VILLAS Decoration Le champ Des Possibles\" width=\"600\" height=\"900\" srcset=\"https:\/\/www.villasdecoration.com\/wp-content\/uploads\/2022\/08\/microarchi1_global_02calexandrario_Lesformesassociees-scaled.jpg 1707w, https:\/\/www.villasdecoration.com\/wp-content\/uploads\/2022\/08\/microarchi1_global_02calexandrario_Lesformesassociees-768x1152.jpg 768w, https:\/\/www.villasdecoration.com\/wp-content\/uploads\/2022\/08\/microarchi1_global_02calexandrario_Lesformesassociees-1024x1536.jpg 1024w, https:\/\/www.villasdecoration.com\/wp-content\/uploads\/2022\/08\/microarchi1_global_02calexandrario_Lesformesassociees-1366x2048.jpg 1366w\" sizes=\"auto, (max-width: 600px) 100vw, 600px\" \/><p id=\"caption-attachment-7071\" class=\"wp-caption-text\">Exhibition &#8220;Le Champ des possibles, micro-architectures \u00e0 exp\u00e9rimenter&#8221; | Alexandra Rio | Les formes associ\u00e9es<\/p><\/div>\n<div id=\"attachment_7074\" style=\"width: 610px\" class=\"wp-caption alignnone\"><img loading=\"lazy\" decoding=\"async\" aria-describedby=\"caption-attachment-7074\" class=\"center wp-image-7074\" title=\"VILLAS Decoration Le champ Des Possibles\" src=\"https:\/\/www.villasdecoration.com\/wp-content\/uploads\/2022\/08\/microarchi2_global_01calexandrario_Lesformesassociees-scaled.jpg\" alt=\"VILLAS Decoration Le champ Des Possibles\" width=\"600\" height=\"900\" srcset=\"https:\/\/www.villasdecoration.com\/wp-content\/uploads\/2022\/08\/microarchi2_global_01calexandrario_Lesformesassociees-scaled.jpg 1706w, https:\/\/www.villasdecoration.com\/wp-content\/uploads\/2022\/08\/microarchi2_global_01calexandrario_Lesformesassociees-768x1152.jpg 768w, https:\/\/www.villasdecoration.com\/wp-content\/uploads\/2022\/08\/microarchi2_global_01calexandrario_Lesformesassociees-1024x1536.jpg 1024w, https:\/\/www.villasdecoration.com\/wp-content\/uploads\/2022\/08\/microarchi2_global_01calexandrario_Lesformesassociees-1365x2048.jpg 1365w\" sizes=\"auto, (max-width: 600px) 100vw, 600px\" \/><p id=\"caption-attachment-7074\" class=\"wp-caption-text\">Exhibition &#8220;Le Champ des possibles, micro-architectures \u00e0 exp\u00e9rimenter&#8221; | Alexandra Rio | Les formes associ\u00e9es<\/p><\/div>\n<div id=\"attachment_7077\" style=\"width: 610px\" class=\"wp-caption alignnone\"><img loading=\"lazy\" decoding=\"async\" aria-describedby=\"caption-attachment-7077\" class=\"center wp-image-7077\" title=\"VILLAS Decoration Le champ Des Possibles\" src=\"https:\/\/www.villasdecoration.com\/wp-content\/uploads\/2022\/08\/microarchi3_global_01calexandrario_Lesformesassociees-scaled.jpg\" alt=\"VILLAS Decoration Le champ Des Possibles\" width=\"600\" height=\"900\" srcset=\"https:\/\/www.villasdecoration.com\/wp-content\/uploads\/2022\/08\/microarchi3_global_01calexandrario_Lesformesassociees-scaled.jpg 1706w, https:\/\/www.villasdecoration.com\/wp-content\/uploads\/2022\/08\/microarchi3_global_01calexandrario_Lesformesassociees-768x1152.jpg 768w, https:\/\/www.villasdecoration.com\/wp-content\/uploads\/2022\/08\/microarchi3_global_01calexandrario_Lesformesassociees-1024x1536.jpg 1024w, https:\/\/www.villasdecoration.com\/wp-content\/uploads\/2022\/08\/microarchi3_global_01calexandrario_Lesformesassociees-1365x2048.jpg 1365w\" sizes=\"auto, (max-width: 600px) 100vw, 600px\" \/><p id=\"caption-attachment-7077\" class=\"wp-caption-text\">Exhibition &#8220;Le Champ des possibles, micro-architectures \u00e0 exp\u00e9rimenter&#8221; | Alexandra Rio | Les formes associ\u00e9es<\/p><\/div>\n<h2><span class=\"ez-toc-section\" id=\"Bifurcations_The_new_challenges_of_the_Design_Biennale_St-Etienne_2022\"><\/span><strong>Bifurcations! The new challenges of the Design Biennale St-Etienne <\/strong><strong>2022<\/strong><span class=\"ez-toc-section-end\"><\/span><\/h2>\n<p>Reversing means reacting and stepping aside by experimenting with ways, here and now. Straying, exploring other possible paths, collectively, soberly, respecting life and adapted to each context. The challenge of the <a href=\"https:\/\/biennale-design.com\/saint-etienne\/2022\/\" target=\"_blank\" rel=\"nofollow noopener\">International Design Biennale Saint Etienne<\/a> 2022 is to encourage design to go on an adventure: what does it already do? What else can it do?<\/p>\n<h2><\/h2>\n<h2><span class=\"ez-toc-section\" id=\"The_Cabanon_Roquebrune-Cap-Martin\"><\/span><strong>The Cabanon Roquebrune-Cap-Martin<\/strong><span class=\"ez-toc-section-end\"><\/span><\/h2>\n<p>Le Corbusier was 64 years old when he drew the plans for the Cabanon. What seems so simple, the 45 minutes of design time mentioned by Le Corbusier, is in reality the synthesis of more than 40 years of work. In 1951, Thomas Rebutato gave Le Corbusier part of his land to build &#8220;his ideal castle. In return, Le Corbusier built and financed five &#8220;Camping Units&#8221; based on the Cabanon model.<\/p>\n<div id=\"attachment_7095\" style=\"width: 910px\" class=\"wp-caption alignnone\"><img loading=\"lazy\" decoding=\"async\" aria-describedby=\"caption-attachment-7095\" class=\"wp-image-7095\" src=\"https:\/\/www.villasdecoration.com\/wp-content\/uploads\/2022\/08\/Cabanon-de-Le-Corbusier_Roquebrune-Cap-Martin_Olivier-Martin-Gambier-scaled-1.jpg\" alt=\"\" width=\"900\" height=\"600\" srcset=\"https:\/\/www.villasdecoration.com\/wp-content\/uploads\/2022\/08\/Cabanon-de-Le-Corbusier_Roquebrune-Cap-Martin_Olivier-Martin-Gambier-scaled-1.jpg 1600w, https:\/\/www.villasdecoration.com\/wp-content\/uploads\/2022\/08\/Cabanon-de-Le-Corbusier_Roquebrune-Cap-Martin_Olivier-Martin-Gambier-scaled-1-768x512.jpg 768w, https:\/\/www.villasdecoration.com\/wp-content\/uploads\/2022\/08\/Cabanon-de-Le-Corbusier_Roquebrune-Cap-Martin_Olivier-Martin-Gambier-scaled-1-1536x1024.jpg 1536w\" sizes=\"auto, (max-width: 900px) 100vw, 900px\" \/><p id=\"caption-attachment-7095\" class=\"wp-caption-text\">Cabanon from Le Corbusier Roquebrune-Cap-Martin | Olivier-Martin Gambier<\/p><\/div>\n<p><em>&#8220;The house is not made for decoration but for man&#8217;s happiness.&#8221; <\/em>Le Corbusier<\/p>\n<h2><span class=\"ez-toc-section\" id=\"The_exhibition_%E2%80%9CThe_Field_of_Possibilities%E2%80%9D_by_Doppel_Studio\"><\/span><strong>The exhibition: &#8220;The Field of Possibilities&#8221; by <a href=\"https:\/\/www.doppelstudio.fr\/en\" target=\"_blank\" rel=\"nofollow noopener\">D\u00f6ppel Studio.<\/a><\/strong><span class=\"ez-toc-section-end\"><\/span><\/h2>\n<p>Some of the themes developed in the exhibition:<\/p>\n<p><em>The Field of Possibilities, micro-architectures to experiment with <\/em><\/p>\n<p>An exhibition and talk on the theme of the environment.<\/p>\n<p>A multifunctional scenography, i.e. a scenography that can be reused for a next exhibition project.<\/p>\n<p>Adaptability of furniture or supports to multiply their use, by facilitating their disassembly and storage.<\/p>\n<p>The use of recyclable or reusable raw materials, from the short supply chain, and the assembly of the exhibition by local companies.<\/p>\n<p>Reasonable use of the various communication tools used (limited circulation, limited and relevant digital design).<\/p>\n<p>Developing inclusive mediation for young audiences and people with disabilities.<\/p>\n<p>Establishing a material library of recycled products and organizing workshops<\/p>\n<p>After discovering Le Corbusier&#8217;s Cabanon, visitors are invited to experience the six micro-architectures designed by D\u00f6ppel Studio. These installations raise many questions about habitat, ranging from basic needs such as heating, feeding and breathing, to access to water, and questioning the relationship to the body and mind<em>.<\/em><strong>\u00a0 <\/strong><\/p>\n<div id=\"attachment_7086\" style=\"width: 610px\" class=\"wp-caption alignnone\"><img loading=\"lazy\" decoding=\"async\" aria-describedby=\"caption-attachment-7086\" class=\"center wp-image-7086\" title=\"VILLAS Decoration Le champ Des Possibles\" src=\"https:\/\/www.villasdecoration.com\/wp-content\/uploads\/2022\/08\/microarchi6_detail_01calexandrario_Lesformesassociees-scaled.jpg\" alt=\"VILLAS Decoration Le champ Des Possibles\" width=\"600\" height=\"900\" srcset=\"https:\/\/www.villasdecoration.com\/wp-content\/uploads\/2022\/08\/microarchi6_detail_01calexandrario_Lesformesassociees-scaled.jpg 1707w, https:\/\/www.villasdecoration.com\/wp-content\/uploads\/2022\/08\/microarchi6_detail_01calexandrario_Lesformesassociees-768x1152.jpg 768w, https:\/\/www.villasdecoration.com\/wp-content\/uploads\/2022\/08\/microarchi6_detail_01calexandrario_Lesformesassociees-1024x1536.jpg 1024w, https:\/\/www.villasdecoration.com\/wp-content\/uploads\/2022\/08\/microarchi6_detail_01calexandrario_Lesformesassociees-1366x2048.jpg 1366w\" sizes=\"auto, (max-width: 600px) 100vw, 600px\" \/><p id=\"caption-attachment-7086\" class=\"wp-caption-text\">Exposition &#8220;Le Champ des possibles, micro-architectures \u00e0 exp\u00e9rimenter&#8221; | Alexandra Rio | Les formes associ\u00e9es<\/p><\/div>\n<div id=\"attachment_7080\" style=\"width: 610px\" class=\"wp-caption alignnone\"><img loading=\"lazy\" decoding=\"async\" aria-describedby=\"caption-attachment-7080\" class=\"center wp-image-7080\" title=\"VILLAS Decoration Le champ Des Possibles\" src=\"https:\/\/www.villasdecoration.com\/wp-content\/uploads\/2022\/08\/microarchi4_global_01calexandrario_Lesformesassociees-scaled.jpg\" alt=\"VILLAS Decoration Le champ Des Possibles\" width=\"600\" height=\"900\" srcset=\"https:\/\/www.villasdecoration.com\/wp-content\/uploads\/2022\/08\/microarchi4_global_01calexandrario_Lesformesassociees-scaled.jpg 1707w, https:\/\/www.villasdecoration.com\/wp-content\/uploads\/2022\/08\/microarchi4_global_01calexandrario_Lesformesassociees-768x1152.jpg 768w, https:\/\/www.villasdecoration.com\/wp-content\/uploads\/2022\/08\/microarchi4_global_01calexandrario_Lesformesassociees-1024x1536.jpg 1024w, https:\/\/www.villasdecoration.com\/wp-content\/uploads\/2022\/08\/microarchi4_global_01calexandrario_Lesformesassociees-1366x2048.jpg 1366w\" sizes=\"auto, (max-width: 600px) 100vw, 600px\" \/><p id=\"caption-attachment-7080\" class=\"wp-caption-text\">Exposition &#8220;Le Champ des possibles, micro-architectures \u00e0 exp\u00e9rimenter&#8221; | Alexandra Rio | Les formes associ\u00e9es<\/p><\/div>\n<div id=\"attachment_7059\" style=\"width: 610px\" class=\"wp-caption alignnone\"><img loading=\"lazy\" decoding=\"async\" aria-describedby=\"caption-attachment-7059\" class=\"center wp-image-7059\" title=\"VILLAS Decoration Le champ Des Possibles\" src=\"https:\/\/www.villasdecoration.com\/wp-content\/uploads\/2022\/08\/Exposition__Le_Champ_des_possibles__micro-architectures_a_experimenter_-Inscrire_la_legende-87340-scaled.jpg\" alt=\"VILLAS Decoration Le champ Des Possibles\" width=\"600\" height=\"900\" srcset=\"https:\/\/www.villasdecoration.com\/wp-content\/uploads\/2022\/08\/Exposition__Le_Champ_des_possibles__micro-architectures_a_experimenter_-Inscrire_la_legende-87340-scaled.jpg 1707w, https:\/\/www.villasdecoration.com\/wp-content\/uploads\/2022\/08\/Exposition__Le_Champ_des_possibles__micro-architectures_a_experimenter_-Inscrire_la_legende-87340-768x1152.jpg 768w, https:\/\/www.villasdecoration.com\/wp-content\/uploads\/2022\/08\/Exposition__Le_Champ_des_possibles__micro-architectures_a_experimenter_-Inscrire_la_legende-87340-1024x1536.jpg 1024w, https:\/\/www.villasdecoration.com\/wp-content\/uploads\/2022\/08\/Exposition__Le_Champ_des_possibles__micro-architectures_a_experimenter_-Inscrire_la_legende-87340-1366x2048.jpg 1366w\" sizes=\"auto, (max-width: 600px) 100vw, 600px\" \/><p id=\"caption-attachment-7059\" class=\"wp-caption-text\">Exposition &#8220;Le Champ des possibles, micro-architectures \u00e0 exp\u00e9rimenter&#8221; | Alexandra Rio | Les formes associ\u00e9es<\/p><\/div>\n<p><b>EXHIBITION\u00a0<\/b><br \/>\nfrom April 6, 2022 to January 15, 2023<br \/>\n<span style=\"font-weight: 400;\">Saint-Pierre church, Firminy<\/span><br \/>\n<a href=\"http:\/\/www.sitelecorbusier.com\" target=\"_blank\" rel=\"noopener\"><span style=\"font-weight: 400;\">www.sitelecorbusier.com<\/span><\/a><span style=\"font-weight: 400;\">\u00a0<\/span><\/p>\n","protected":false},"excerpt":{"rendered":"<p>An exhibition at the International Design Biennale of Saint-Etienne from April 6, 2022 to January 15, 2023 Emotion, a key to knowledge The Site Le Corbusier offers experiences for a wide audience: families in the region, tourists passing through, by making emotion the key to knowledge. It thus offers a renewed tourist experience based on [&hellip;]<\/p>\n","protected":false},"author":26,"featured_media":7103,"comment_status":"closed","ping_status":"open","sticky":false,"template":"","format":"standard","meta":{"footnotes":""},"categories":[3],"tags":[],"class_list":["post-8383","post","type-post","status-publish","format-standard","has-post-thumbnail","hentry","category-art"],"acf":[],"_links":{"self":[{"href":"https:\/\/www.villasdecoration.com\/en\/wp-json\/wp\/v2\/posts\/8383","targetHints":{"allow":["GET"]}}],"collection":[{"href":"https:\/\/www.villasdecoration.com\/en\/wp-json\/wp\/v2\/posts"}],"about":[{"href":"https:\/\/www.villasdecoration.com\/en\/wp-json\/wp\/v2\/types\/post"}],"author":[{"embeddable":true,"href":"https:\/\/www.villasdecoration.com\/en\/wp-json\/wp\/v2\/users\/26"}],"replies":[{"embeddable":true,"href":"https:\/\/www.villasdecoration.com\/en\/wp-json\/wp\/v2\/comments?post=8383"}],"version-history":[{"count":3,"href":"https:\/\/www.villasdecoration.com\/en\/wp-json\/wp\/v2\/posts\/8383\/revisions"}],"predecessor-version":[{"id":8386,"href":"https:\/\/www.villasdecoration.com\/en\/wp-json\/wp\/v2\/posts\/8383\/revisions\/8386"}],"wp:featuredmedia":[{"embeddable":true,"href":"https:\/\/www.villasdecoration.com\/en\/wp-json\/wp\/v2\/media\/7103"}],"wp:attachment":[{"href":"https:\/\/www.villasdecoration.com\/en\/wp-json\/wp\/v2\/media?parent=8383"}],"wp:term":[{"taxonomy":"category","embeddable":true,"href":"https:\/\/www.villasdecoration.com\/en\/wp-json\/wp\/v2\/categories?post=8383"},{"taxonomy":"post_tag","embeddable":true,"href":"https:\/\/www.villasdecoration.com\/en\/wp-json\/wp\/v2\/tags?post=8383"}],"curies":[{"name":"wp","href":"https:\/\/api.w.org\/{rel}","templated":true}]}}