{"id":4160,"date":"2021-10-15T09:00:09","date_gmt":"2021-10-15T07:00:09","guid":{"rendered":"https:\/\/www.villasdecoration.com\/fr\/geen-onderdeel-van-een-categorie\/biennale-interieur-de-courtrai-lexposition-des-plus-beaux-designs-a-decouvrir\/"},"modified":"2022-03-17T17:02:13","modified_gmt":"2022-03-17T16:02:13","slug":"kortrijk-interieur-biennale-de-tentoonstelling-van-de-mooiste-ontwerpen-te-ontdekken","status":"publish","type":"post","link":"https:\/\/www.villasdecoration.com\/nl\/design\/kortrijk-interieur-biennale-de-tentoonstelling-van-de-mooiste-ontwerpen-te-ontdekken\/","title":{"rendered":"Kortrijk Interieur Bi\u00ebnnale: de tentoonstelling van de mooiste ontwerpen te ontdekken"},"content":{"rendered":"<div id=\"ez-toc-container\" class=\"ez-toc-v2_0_82_2 counter-hierarchy ez-toc-counter ez-toc-grey ez-toc-container-direction\">\n<p class=\"ez-toc-title\" style=\"cursor:inherit\">Sommaire<\/p>\n<label for=\"ez-toc-cssicon-toggle-item-69f3186fd8156\" class=\"ez-toc-cssicon-toggle-label\"><span class=\"\"><span class=\"eztoc-hide\" style=\"display:none;\">Toggle<\/span><span class=\"ez-toc-icon-toggle-span\"><svg style=\"fill: #999;color:#999\" xmlns=\"http:\/\/www.w3.org\/2000\/svg\" class=\"list-377408\" width=\"20px\" height=\"20px\" viewBox=\"0 0 24 24\" fill=\"none\"><path d=\"M6 6H4v2h2V6zm14 0H8v2h12V6zM4 11h2v2H4v-2zm16 0H8v2h12v-2zM4 16h2v2H4v-2zm16 0H8v2h12v-2z\" fill=\"currentColor\"><\/path><\/svg><svg style=\"fill: #999;color:#999\" class=\"arrow-unsorted-368013\" xmlns=\"http:\/\/www.w3.org\/2000\/svg\" width=\"10px\" height=\"10px\" viewBox=\"0 0 24 24\" version=\"1.2\" baseProfile=\"tiny\"><path d=\"M18.2 9.3l-6.2-6.3-6.2 6.3c-.2.2-.3.4-.3.7s.1.5.3.7c.2.2.4.3.7.3h11c.3 0 .5-.1.7-.3.2-.2.3-.5.3-.7s-.1-.5-.3-.7zM5.8 14.7l6.2 6.3 6.2-6.3c.2-.2.3-.5.3-.7s-.1-.5-.3-.7c-.2-.2-.4-.3-.7-.3h-11c-.3 0-.5.1-.7.3-.2.2-.3.5-.3.7s.1.5.3.7z\"\/><\/svg><\/span><\/span><\/label><input type=\"checkbox\"  id=\"ez-toc-cssicon-toggle-item-69f3186fd8156\" checked aria-label=\"Toggle\" \/><nav><ul class='ez-toc-list ez-toc-list-level-1 ' ><li class='ez-toc-page-1 ez-toc-heading-level-2'><a class=\"ez-toc-link ez-toc-heading-1\" href=\"https:\/\/www.villasdecoration.com\/nl\/design\/kortrijk-interieur-biennale-de-tentoonstelling-van-de-mooiste-ontwerpen-te-ontdekken\/#Een_grote_tentoonstelling_van_designmeubelen_te_zien_in_het_hart_van_het_Wonder_festival_in_het_nieuwe_Kortrijk\" >Een grote tentoonstelling van designmeubelen te zien in het hart van het Wonder festival in het nieuwe Kortrijk<\/a><\/li><li class='ez-toc-page-1 ez-toc-heading-level-2'><a class=\"ez-toc-link ez-toc-heading-2\" href=\"https:\/\/www.villasdecoration.com\/nl\/design\/kortrijk-interieur-biennale-de-tentoonstelling-van-de-mooiste-ontwerpen-te-ontdekken\/#Binnenhuisarchitectuur_meubels_en_designobjecten_alle_talenten_van_Sebastien_Caporusso_Belgisch_designer_van_het_jaar\" >Binnenhuisarchitectuur, meubels en designobjecten: alle talenten van S\u00e9bastien Caporusso, Belgisch designer van het jaar<\/a><\/li><\/ul><\/nav><\/div>\n<p><a href=\"https:\/\/interieur.be\/please-have-a-seat\/\" target=\"_blank\" rel=\"nofollow noopener\">&#8220;Please, have a seat&#8221; is het evenement van het jaar in Kortrijk<\/a>. De Bi\u00ebnnale van Binnenlandse Zaken wordt vernieuwd met het oog op de volgende en 27e editie van 20 tot 24 oktober 2022. Het wordt een totale vernieuwing van dit belangrijke Belgische en internationale designevenement. Een niet te missen evenement in de agenda van professionals, maar ook van de meest esthetische personen. Uitgevers en fabrikanten uit Belgi\u00eb, Nederland, Frankrijk, Itali\u00eb en Zwitserland komen samen op deze internationale tentoonstelling die sinds haar oprichting in 1968 een must is geworden. Gedurende \u00e9\u00e9n maand wordt de stad Kortrijk, gelegen aan de Franse grens, een echt cultureel en commercieel centrum gewijd aan hedendaags design. Van 15 oktober tot 14 november 2021 kunt u een originele selectie van historische en actuele producten ontdekken, maar ook een wijze keuze uit de producten van de nieuwe Designer van het Jaar: <a href=\"https:\/\/www.sebastiencaporusso.com\/\" target=\"_blank\" rel=\"nofollow noopener\">S\u00e9bastien Caporusso<\/a>. Neem een rondleiding voor de opening.<\/p>\n<h2><span class=\"ez-toc-section\" id=\"Een_grote_tentoonstelling_van_designmeubelen_te_zien_in_het_hart_van_het_Wonder_festival_in_het_nieuwe_Kortrijk\"><\/span><b>Een grote tentoonstelling van designmeubelen te zien in het hart van het Wonder festival in het nieuwe Kortrijk<\/b><span class=\"ez-toc-section-end\"><\/span><\/h2>\n<p><a href=\"https:\/\/www.villasdecoration.com\/nl\/design\/milaan-de-grootste-designbeurs-ter-wereld-is-terug\/\" target=\"_blank\" rel=\"nofollow noopener\">De Salone del Mobile in Milaan<\/a> en de laatste editie van Maison&amp;Objet gingen vooraf aan de opening van de nieuwe Bi\u00ebnnale Interieur in Kortrijk, Belgi\u00eb. Er werden oplossingen aangereikt voor de terugkeer naar het kantoor na de pandemie. <a href=\"https:\/\/www.villasdecoration.com\/nl\/interieur\/de-nieuwe-achtergrond-voor-coworking-in-belgie-2\/\" target=\"_blank\" rel=\"nofollow noopener\">Coworking<\/a> is een ware inspiratiebron voor de industri\u00eble wereld van het design en de stoel is, net als de fauteuil, meer dan ooit een product dat door de redactie op de voorgrond wordt geplaatst. De stoel, een echte creatieve oefening voor elke ontwerper, wordt ontworpen en ontwikkeld volgens de trends.<\/p>\n<p>Waar kunt u het beste in hedendaags design vinden en het nu kopen? Op de Bi\u00ebnnale van Kortrijk.\u00a0<a href=\"https:\/\/interieur.be\/please-have-a-seat\/\" target=\"_blank\" rel=\"nofollow noopener\">De tentoonstelling &#8220;Please, have a seat&#8221;<\/a> is zowel een uniek panorama als een verkoopsite. Het is een fascinerende duik in het beroemdste product van de vormgeving: de stoel en al zijn varianten, zowel beproefd als nieuw.<\/p>\n<p>Terwijl wij wachten op de terugkeer van de Binnenbi\u00ebnnale in haar meer klassieke vorm met stands en op maat gesneden evenementen, is zij opgenomen in het &#8220;Wonder&#8221;-festival. Dit moet worden onderzocht op het voormalige industrieterrein De Coene.<\/p>\n<p>Hier heeft het Belgische keuken-, badkamer- en verwarmingsmerk <a href=\"https:\/\/www.vanmarcke.com\/fr-be\" target=\"_blank\" rel=\"nofollow noopener\">Van Marcke<\/a> een duurzaam logistiek centrum gebouwd. De locatie in Aalbeke, in de regio Kortrijk, werd juist gekozen om te innoveren. De toekomst is ambitieus, want binnenkort wordt het omgevormd tot een gloednieuwe wijk van 15 hectare.<\/p>\n<div id=\"attachment_524\" style=\"width: 910px\" class=\"wp-caption alignnone\"><img loading=\"lazy\" decoding=\"async\" aria-describedby=\"caption-attachment-524\" class=\"center wp-image-524 size-full\" title=\"VILLAS Decoration Kortrijk Interieur Bi\u00ebnnale\" src=\"https:\/\/www.villasdecoration.com\/wp-content\/uploads\/2021\/10\/villas-decoration-biennale-interieur-05.jpg\" alt=\"VILLAS Decoration Kortrijk Interieur Bi\u00ebnnale\" width=\"900\" height=\"600\" \/><p id=\"caption-attachment-524\" class=\"wp-caption-text\">Van Marcke<\/p><\/div>\n<p>In deze context presenteert de Bi\u00ebnnale Interieur 200 stoelen en fauteuils van toonaangevende ontwerpers en jonge industri\u00eble talenten. De tentoonstelling omvat voorwerpen die de status van designiconen hebben bereikt en in talrijke musea thuishoren, zoals de stoel van Verner Panton uit de jaren 1960, die nu door Vitra wordt uitgegeven, maar ook nieuwe producten die hun sporen aan het verdienen zijn. De Kata-stoel van de Spaanse designstudio Altherr D\u00e9sile Park (Alberto Lievore, Jeannette Altherr, Delphine D\u00e9sile en Dennis Park) voor Arper en de verminderde milieuvoetafdruk is er een van. De stoel is ge\u00efnspireerd op handgemaakte houten stoelen en is gebaseerd op traditie, grafische kenmerken en ultramodern design door het weven van zijn 3D-bekleding. Een creatie uit 2021 die nu al tijdloos is. Ook de meest recente producties van de Belgische fabrikanten en uitgevers Durlet en Quattro Benelux worden in deze uitzonderlijke context belicht.<\/p>\n<div id=\"attachment_533\" style=\"width: 710px\" class=\"wp-caption alignnone\"><img loading=\"lazy\" decoding=\"async\" aria-describedby=\"caption-attachment-533\" class=\"left wp-image-533 size-full\" title=\"VILLAS Decoration Kortrijk Interieur Bi\u00ebnnale\" src=\"https:\/\/www.villasdecoration.com\/wp-content\/uploads\/2021\/10\/villas-decoration-biennale-interieur-08.jpg\" alt=\"VILLAS Decoration Kortrijk Interieur Bi\u00ebnnale\" width=\"700\" height=\"900\" \/><p id=\"caption-attachment-533\" class=\"wp-caption-text\">Salva Lopez | Arper Kata<\/p><\/div>\n<div id=\"attachment_523\" style=\"width: 610px\" class=\"wp-caption alignnone\"><img loading=\"lazy\" decoding=\"async\" aria-describedby=\"caption-attachment-523\" class=\"right wp-image-523 size-full\" title=\"VILLAS Decoration Kortrijk Interieur Bi\u00ebnnale\" src=\"https:\/\/www.villasdecoration.com\/wp-content\/uploads\/2021\/10\/villas-decoration-biennale-interieur-06.jpg\" alt=\"VILLAS Decoration Kortrijk Interieur Bi\u00ebnnale\" width=\"600\" height=\"900\" \/><p id=\"caption-attachment-523\" class=\"wp-caption-text\">Damon De Backer | Ykoon chair<\/p><\/div>\n<h2><span class=\"ez-toc-section\" id=\"Binnenhuisarchitectuur_meubels_en_designobjecten_alle_talenten_van_Sebastien_Caporusso_Belgisch_designer_van_het_jaar\"><\/span><b>Binnenhuisarchitectuur, meubels en designobjecten: alle talenten van S\u00e9bastien Caporusso, Belgisch designer van het jaar <\/b><span class=\"ez-toc-section-end\"><\/span><\/h2>\n<p>S\u00e9bastien Caporusso, een talent dat werd opgemerkt door Silversquare en zijn art direction voor de inrichting van de coworkingruimten van het merk (600 m2 voor <a href=\"https:\/\/silversquare.eu\/fr\/espaces-coworking\/bruxelles\/european-quarter\" target=\"_blank\" rel=\"nofollow noopener\">het SQ Europe<\/a>), is een van de andere Belgen van wie de naam weerklinkt in deze nieuwe tentoonstelling.<\/p>\n<p>Sobere en architecturale lijnen en edele materialen of die uit het modernisme (hout, beton, leder, messing, natuursteen en terrazzo) kenmerken de stoelen, lampen en tafels die de ontwerper samen met de beste ambachtslieden in Belgi\u00eb heeft gemaakt. Hun sculpturale vormen zijn resoluut hedendaags en de benadering van zijn creaties is geheel in overeenstemming met de tijd. Lokaal en internationaal van geest, de iconoclastische kunst van S\u00e9bastien Caporusso zou in de komende jaren wel eens door de groten gepubliceerd kunnen worden.<\/p>\n<div id=\"attachment_525\" style=\"width: 910px\" class=\"wp-caption alignnone\"><img loading=\"lazy\" decoding=\"async\" aria-describedby=\"caption-attachment-525\" class=\"center wp-image-525 size-full\" title=\"VILLAS Decoration Kortrijk Interieur Bi\u00ebnnale\" src=\"https:\/\/www.villasdecoration.com\/wp-content\/uploads\/2021\/10\/villas-decoration-biennale-interieur-04.jpg\" alt=\"VILLAS Decoration Kortrijk Interieur Bi\u00ebnnale\" width=\"900\" height=\"600\" \/><p id=\"caption-attachment-525\" class=\"wp-caption-text\">Jules Ce\u0301sur | SQ &#8211; Caporusso Se\u0301bastien<\/p><\/div>\n<div id=\"attachment_526\" style=\"width: 710px\" class=\"wp-caption alignnone\"><img loading=\"lazy\" decoding=\"async\" aria-describedby=\"caption-attachment-526\" class=\"right wp-image-526 size-full\" title=\"VILLAS Decoration Kortrijk Interieur Bi\u00ebnnale\" src=\"https:\/\/www.villasdecoration.com\/wp-content\/uploads\/2021\/10\/villas-decoration-biennale-interieur-03.jpg\" alt=\"VILLAS Decoration Kortrijk Interieur Bi\u00ebnnale\" width=\"700\" height=\"900\" \/><p id=\"caption-attachment-526\" class=\"wp-caption-text\">JVA<\/p><\/div>\n<p>Binnenhuisarchitectuur staat centraal in de praktijk van de Belgische ontwerpster, wier inspiratiebronnen veelvuldig zijn (oudheid, 20e-eeuws design en natuur). Als oud-leerling van de Hogeschool voor Kunst en Vormgeving in Brussel (CAD) heeft hij een scherp gevoel voor verfijning en voor wat vandaag nobel is. Voor elk van zijn projecten aarzelt hij niet grondstoffen te hergebruiken om meubilair en designartikelen te cre\u00ebren die op maat zijn gemaakt voor de flats en huizen van zijn particuliere klanten. Zijn creaties geven uitdrukking aan zijn idee van comfort. Het is gebaseerd op een zuiverheid, een sculpturaliteit en een zeker eclecticisme.<\/p>\n<p>Deze nieuwe hoofdrolspeler op het gebied van design voegt zich bij de winnaars van de prijs Belgian Design of the Year. Het duo Muller Van Severen (Fien Muller en Hannes Van Severen), dat zowel voor zijn eigen studio als voor een aantal internationale uitgevers werkt, heeft onlangs de Milanese firma cc-tapis opgericht, die gespecialiseerd is in designtapijten op maat. De wereldberoemde interieurontwerper Vincent Van Duysen, die artistiek directeur is geworden van de high-end Italiaanse designmerken Molteni en Dada. En Marina Bautier, oprichtster van het merk Bautier, die haar eigen meubelen en andere zorgvuldig geselecteerde producten presenteert in de winkel die haar naam draagt in Brussel.<\/p>\n<p>Parallel met dit programma opent de presentatie in Kortrijk van &#8216;We are the next generation&#8217; de weg naar de volgende generatie jonge ontwerpers: 38 jonge figuren uit de hedendaagse architectuur, productdesign en grafische vormgeving, waaronder Marit Doorenbos. Haar unieke Derme bank ontleent zijn vorm aan de menselijke huid en haar natuurlijke pigmenten. Een dialoog tussen het individu en het meubel, waardoor het past in de grote trend van neutrale kleuren die alle interieurs blijft doordringen.<\/p>\n<p>Site Van Marcke<br \/>\nWeggevoerdenlaan 5, 8500 Kortrijk<br \/>\n<a href=\"https:\/\/wonderkortrijk.be\/\" target=\"_blank\" rel=\"noopener\">wonderkortrijk.be <\/a>en <a href=\"https:\/\/interieur.be\/\" target=\"_blank\" rel=\"noopener\">interieur.be\u00a0<\/a><\/p>\n<div id=\"ConnectiveDocSignExtentionInstalled\" data-extension-version=\"1.0.4\"><\/div>\n","protected":false},"excerpt":{"rendered":"<p>&#8220;Please, have a seat&#8221; is het evenement van het jaar in Kortrijk. De Bi\u00ebnnale van Binnenlandse Zaken wordt vernieuwd met het oog op de volgende en 27e editie van 20 tot 24 oktober 2022. Het wordt een totale vernieuwing van dit belangrijke Belgische en internationale designevenement. Een niet te missen evenement in de agenda van [&hellip;]<\/p>\n","protected":false},"author":18,"featured_media":2522,"comment_status":"closed","ping_status":"open","sticky":false,"template":"","format":"standard","meta":{"footnotes":""},"categories":[35],"tags":[],"class_list":["post-4160","post","type-post","status-publish","format-standard","has-post-thumbnail","hentry","category-design"],"acf":[],"_links":{"self":[{"href":"https:\/\/www.villasdecoration.com\/nl\/wp-json\/wp\/v2\/posts\/4160","targetHints":{"allow":["GET"]}}],"collection":[{"href":"https:\/\/www.villasdecoration.com\/nl\/wp-json\/wp\/v2\/posts"}],"about":[{"href":"https:\/\/www.villasdecoration.com\/nl\/wp-json\/wp\/v2\/types\/post"}],"author":[{"embeddable":true,"href":"https:\/\/www.villasdecoration.com\/nl\/wp-json\/wp\/v2\/users\/18"}],"replies":[{"embeddable":true,"href":"https:\/\/www.villasdecoration.com\/nl\/wp-json\/wp\/v2\/comments?post=4160"}],"version-history":[{"count":0,"href":"https:\/\/www.villasdecoration.com\/nl\/wp-json\/wp\/v2\/posts\/4160\/revisions"}],"wp:featuredmedia":[{"embeddable":true,"href":"https:\/\/www.villasdecoration.com\/nl\/wp-json\/wp\/v2\/media\/2522"}],"wp:attachment":[{"href":"https:\/\/www.villasdecoration.com\/nl\/wp-json\/wp\/v2\/media?parent=4160"}],"wp:term":[{"taxonomy":"category","embeddable":true,"href":"https:\/\/www.villasdecoration.com\/nl\/wp-json\/wp\/v2\/categories?post=4160"},{"taxonomy":"post_tag","embeddable":true,"href":"https:\/\/www.villasdecoration.com\/nl\/wp-json\/wp\/v2\/tags?post=4160"}],"curies":[{"name":"wp","href":"https:\/\/api.w.org\/{rel}","templated":true}]}}